{"id":278,"date":"2025-07-27T11:22:40","date_gmt":"2025-07-27T09:22:40","guid":{"rendered":"https:\/\/breizhappetit.fr\/?p=278"},"modified":"2025-07-27T11:22:40","modified_gmt":"2025-07-27T09:22:40","slug":"sables-figues-maison-facon-figolu","status":"publish","type":"post","link":"https:\/\/breizhappetit.fr\/index.php\/2025\/07\/27\/sables-figues-maison-facon-figolu\/","title":{"rendered":"Sabl\u00e9s aux figues maison fa\u00e7on Figolu \ud83c\udf6a"},"content":{"rendered":"\n<p><strong>La recette nostalgique qui met tout le monde d\u2019accord<\/strong><\/p>\n\n\n\n<p>S\u2019il y a bien une douceur qui \u00e9voque l\u2019enfance pour beaucoup, c\u2019est le fameux <strong>Figolu<\/strong>. Cette petite barre sabl\u00e9e fourr\u00e9e aux figues a marqu\u00e9 les go\u00fbters d\u2019une g\u00e9n\u00e9ration enti\u00e8re ! Et aujourd\u2019hui, je te propose une <strong>version maison<\/strong>, encore meilleure, avec une p\u00e2te sabl\u00e9e crousti-fondante et un <strong>confit de figues \u00e0 la vanille<\/strong>. Pr\u00eat(e) \u00e0 retomber en enfance ? C\u2019est parti pour la recette d\u00e9taill\u00e9e !<\/p>\n\n\n\n<figure class=\"wp-block-embed is-type-video is-provider-tiktok wp-block-embed-tiktok\"><div class=\"wp-block-embed__wrapper\">\n<blockquote class=\"tiktok-embed\" cite=\"https:\/\/www.tiktok.com\/@breizhappetit\/video\/7531685849440832790\" data-video-id=\"7531685849440832790\" data-embed-from=\"oembed\" style=\"max-width:605px; min-width:325px;\"> <section> <a target=\"_blank\" title=\"@breizhappetit\" href=\"https:\/\/www.tiktok.com\/@breizhappetit?refer=embed\">@breizhappetit<\/a> <p>Tu crois que t&rsquo;aimes les figues ? Attends de go\u00fbter \u00e7a.  On est entre confiture qui a pris la confiance, p\u00e2te sabl\u00e9e qui croustille de fiert\u00e9, et ar\u00f4me amande am\u00e8re qui vient mettre sa touche de diva\ud83d\udc85 Pour le confit de figue maison  \u2733\ufe0f300g de figues (fraiches ou surgel\u00e9s, on est pas l\u00e0 pour juger) \u2733\ufe0f 250g de sucre (oui, c&rsquo;est du confit pas une salade) \u2733\ufe0f 1 gousse de vanille (on gratte les graines comme si on faisait Top Chef) \u2733\ufe0f 1 c\u00e0s de miel (Pour le glow) \u2733\ufe0f 50g d&rsquo;eau  \ud83d\udc49 on laisse comporter jusqu&rsquo;\u00e0 ce que \u00e7a sente la fin d&rsquo;\u00e9t\u00e9 ou No\u00ebl et la gourmandise pure  P\u00e2te sabl\u00e9e maison  \u2733\ufe0f250 g de farine (La base) \u2733\ufe0f 125g de sucre  \u2733\ufe0f 100g de beurre (parce qon veut du crousti) \u2733\ufe0f 1 oeuf (merci les poules) \u2733\ufe0f Ar\u00f4me amande am\u00e8re (optionnel, mais styl\u00e9) \ud83d\udc49 Tu m\u00e9langes, tu \u00e9tales, tu formes, tu garnis, tu cuits et tu manges sans remords.  Breizh&rsquo;app\u00e9tit ! \ud83d\udcccSpoiler :le combo p\u00e2te sabl\u00e9e + confit de figues + vanille + amande am\u00e8re, c&rsquo;est le niveau divin \ud83e\udd70\u2728 Retrouve toutes les recettes sur mon site breizhapp\u00e9tit.fr <a title=\"recette\" target=\"_blank\" href=\"https:\/\/www.tiktok.com\/tag\/recette?refer=embed\">#recette<\/a> <a title=\"recettefacile\" target=\"_blank\" href=\"https:\/\/www.tiktok.com\/tag\/recettefacile?refer=embed\">#recettefacile<\/a> <a title=\"snack\" target=\"_blank\" href=\"https:\/\/www.tiktok.com\/tag\/snack?refer=embed\">#snack<\/a> <a title=\"gouter\" target=\"_blank\" href=\"https:\/\/www.tiktok.com\/tag\/gouter?refer=embed\">#gouter<\/a> <a title=\"sabl\u00e9\" target=\"_blank\" href=\"https:\/\/www.tiktok.com\/tag\/sabl%C3%A9?refer=embed\">#sabl\u00e9<\/a> <a title=\"figues\" target=\"_blank\" href=\"https:\/\/www.tiktok.com\/tag\/figues?refer=embed\">#figues<\/a> <a title=\"capcut\" target=\"_blank\" href=\"https:\/\/www.tiktok.com\/tag\/capcut?refer=embed\">#CapCut<\/a> <\/p> <a target=\"_blank\" title=\"\u266c Feel Good - Charlotte Cardin\" href=\"https:\/\/www.tiktok.com\/music\/Feel-Good-7273430574785759233?refer=embed\">\u266c Feel Good &#8211; Charlotte Cardin<\/a> <\/section> <\/blockquote> <script async src=\"https:\/\/www.tiktok.com\/embed.js\"><\/script>\n<\/div><\/figure>\n\n\n\n<hr class=\"wp-block-separator has-alpha-channel-opacity\"\/>\n\n\n\n<h2 class=\"wp-block-heading\">\ud83c\udf1f Les ingr\u00e9dients<\/h2>\n\n\n\n<h3 class=\"wp-block-heading\">Pour le confit de figues :<\/h3>\n\n\n\n<ul class=\"wp-block-list\">\n<li>300 g de figues fra\u00eeches (ou surgel\u00e9es, d\u00e9congel\u00e9es)<\/li>\n\n\n\n<li>250 g de sucre (\u00e0 ajouter en 3 fois)<\/li>\n\n\n\n<li>1 gousse de <a href=\"https:\/\/www.cuisineaddict.com\/achat-gousses-de-vanille-bio-de-madagascar-250-g-norohy-36407.htm\">vanille fendue<\/a><\/li>\n\n\n\n<li>1 c\u00e0s de miel<\/li>\n\n\n\n<li>50 ml (soit 5 cl) d\u2019eau<\/li>\n<\/ul>\n\n\n\n<h3 class=\"wp-block-heading\">Pour la p\u00e2te sabl\u00e9e :<\/h3>\n\n\n\n<ul class=\"wp-block-list\">\n<li>250 g de farine<\/li>\n\n\n\n<li>125 g de sucre<\/li>\n\n\n\n<li>100 g de beurre<\/li>\n\n\n\n<li>1 \u0153uf<\/li>\n\n\n\n<li>Quelques gouttes d\u2019ar\u00f4me amande am\u00e8re<\/li>\n<\/ul>\n\n\n\n<hr class=\"wp-block-separator has-alpha-channel-opacity\"\/>\n\n\n\n<h2 class=\"wp-block-heading\">\ud83e\udd63 \u00c9tapes de pr\u00e9paration<\/h2>\n\n\n\n<h3 class=\"wp-block-heading\">1. Pr\u00e9parer le confit de figues<\/h3>\n\n\n\n<p>Commence par <strong>couper les figues<\/strong> en petits morceaux et les mettre dans une casserole. Fends une <strong>gousse de vanille<\/strong> en deux, gratte les graines et ajoute le tout aux figues. Verse <strong>environ un tiers du sucre<\/strong>, l\u2019<strong>eau<\/strong> et le <strong>miel<\/strong>, puis fais chauffer \u00e0 feu doux.<\/p>\n\n\n\n<p>Petit \u00e0 petit, ajoute le reste du sucre en deux fois, au fil de la cuisson, pour laisser le temps aux figues de bien compoter. Une fois bien tendres, <strong>mixez le tout<\/strong> pour obtenir une texture lisse. S\u2019il y a trop de liquide, retire un peu de sirop avant de mixer. Tu dois obtenir une <strong>texture \u00e9paisse<\/strong>, facile \u00e0 \u00e9taler.<\/p>\n\n\n\n<p>Laisse refroidir le confit pendant que tu passes \u00e0 la p\u00e2te.<\/p>\n\n\n\n<hr class=\"wp-block-separator has-alpha-channel-opacity\"\/>\n\n\n\n<h3 class=\"wp-block-heading\">2. Pr\u00e9parer la p\u00e2te sabl\u00e9e<\/h3>\n\n\n\n<p>Dans un grand saladier (ou cul-de-poule), m\u00e9lange la <strong>farine, le sucre, le beurre mou<\/strong>, l\u2019<strong>\u0153uf<\/strong> et quelques <strong>gouttes d\u2019ar\u00f4me d\u2019amande am\u00e8re<\/strong>. P\u00e9tris ou bats \u00e0 vitesse moyenne jusqu\u2019\u00e0 ce que la p\u00e2te soit homog\u00e8ne.<\/p>\n\n\n\n<p>Forme une boule ou un rectangle plat, filme-la et laisse-la <strong>reposer au frais pendant 30 minutes<\/strong>. Cela la rendra plus facile \u00e0 manipuler.<\/p>\n\n\n\n<hr class=\"wp-block-separator has-alpha-channel-opacity\"\/>\n\n\n\n<h3 class=\"wp-block-heading\">3. Fa\u00e7onnage des sabl\u00e9s fa\u00e7on Figolu<\/h3>\n\n\n\n<p>Une fois la p\u00e2te bien repos\u00e9e, <strong>\u00e9tale-la<\/strong> sur un plan de travail farin\u00e9. D\u00e9coupe des <strong>rectangles r\u00e9guliers<\/strong> d\u2019environ 8 \u00e0 10 cm de long.<\/p>\n\n\n\n<p>D\u00e9pose au centre de chaque rectangle une <strong>cuill\u00e8re de confit de figue<\/strong>, puis replie les bords de p\u00e2te par-dessus pour <strong>emprisonner la garniture<\/strong>. Presse l\u00e9g\u00e8rement les bords pour les souder.<\/p>\n\n\n\n<p>Place les sabl\u00e9s sur une plaque recouverte de papier cuisson, la <strong>jointure vers le bas<\/strong>, puis <strong>enfourne \u00e0 180\u00b0C (chaleur tournante)<\/strong> pendant <strong>12 \u00e0 15 minutes<\/strong>, jusqu\u2019\u00e0 ce qu\u2019ils soient l\u00e9g\u00e8rement dor\u00e9s.<\/p>\n\n\n\n<hr class=\"wp-block-separator has-alpha-channel-opacity\"\/>\n\n\n\n<h2 class=\"wp-block-heading\">\ud83d\ude0d D\u00e9gustation &amp; astuces<\/h2>\n\n\n\n<p>Ces petits sabl\u00e9s aux figues sont parfaits pour le go\u00fbter, \u00e0 tremper dans un th\u00e9 ou un caf\u00e9. Tu peux aussi varier la garniture avec une compote maison d\u2019abricot, ou pourquoi pas un c\u0153ur chocolat-noisette !<\/p>\n\n\n\n<p>\ud83d\udcdd <strong>Astuce<\/strong> : Si tu veux un look encore plus \u201cFigolu\u201d, d\u00e9coupe les barres cuites aux dimensions souhait\u00e9es une fois refroidies, pour un rendu net.<\/p>\n\n\n\n<hr class=\"wp-block-separator has-alpha-channel-opacity\"\/>\n\n\n\n<h2 class=\"wp-block-heading\">\ud83d\udcac En r\u00e9sum\u00e9 :<\/h2>\n\n\n\n<ul class=\"wp-block-list\">\n<li>Recette facile, sans additifs<\/li>\n\n\n\n<li>Une vraie alternative maison aux biscuits industriels<\/li>\n\n\n\n<li>Se conserve plusieurs jours dans une bo\u00eete herm\u00e9tique<\/li>\n<\/ul>\n\n\n\n<hr class=\"wp-block-separator has-alpha-channel-opacity\"\/>\n\n\n\n<h2 class=\"wp-block-heading\">\ud83d\udd01 \u00c0 tester ensuite :<\/h2>\n\n\n\n<p>\ud83e\udd63 <strong>Envie d\u2019une pause plus healthy ?<\/strong> Pourquoi ne pas tester la recette de <a href=\"https:\/\/breizhappetit.fr\/index.php\/2025\/07\/23\/barres-cereales-maison-chocolat\/\">barres de c\u00e9r\u00e9ales maison au chocolat<\/a>, parfaites pour un en-cas sain et gourmand !<\/p>\n\n\n\n<hr class=\"wp-block-separator has-alpha-channel-opacity\"\/>\n\n\n\n<h2 class=\"wp-block-heading\">\ud83e\uddc1 Breizh\u2019App\u00e9tit !<\/h2>\n\n\n\n<p><\/p>\n","protected":false},"excerpt":{"rendered":"<p>Red\u00e9couvrez le go\u00fbt de l&rsquo;enfance avec ces sabl\u00e9s aux figues maison fa\u00e7on Figolu : une p\u00e2te sabl\u00e9e fondante et un confit de figues.<\/p>\n","protected":false},"author":1,"featured_media":279,"comment_status":"open","ping_status":"open","sticky":false,"template":"","format":"standard","meta":{"_jetpack_memberships_contains_paid_content":false,"footnotes":""},"categories":[10,59,99,100,5],"tags":[144,148,142,141,93,60,149,147,23,146,55,63,143,21,145,97],"class_list":["post-278","post","type-post","status-publish","format-standard","has-post-thumbnail","hentry","category-dessert","category-gouter","category-recette-facile","category-recette-rapide","category-recettes-sucrees","tag-amande-amere","tag-enfance","tag-figolu","tag-figues-2","tag-fruits","tag-gouter","tag-gouter-enfant","tag-gouter-individuel","tag-pate-sablee","tag-petits-gouter","tag-rapide","tag-recette-facile","tag-recette-nostalgique","tag-recettes-sucrees","tag-sables","tag-vanille"],"yoast_head":"<!-- This site is optimized with the Yoast SEO plugin v25.6 - https:\/\/yoast.com\/wordpress\/plugins\/seo\/ -->\n<title>Sabl\u00e9s aux figues maison fa\u00e7on Figolu \ud83c\udf6a - Breizh&#039; App\u00e9tit !<\/title>\n<meta name=\"description\" content=\"Red\u00e9couvrez le go\u00fbt de l&#039;enfance avec ces sabl\u00e9s aux figues maison fa\u00e7on Figolu : une p\u00e2te sabl\u00e9e fondante et un confit de figues.\" \/>\n<meta name=\"robots\" content=\"index, follow, max-snippet:-1, max-image-preview:large, max-video-preview:-1\" \/>\n<link rel=\"canonical\" href=\"https:\/\/breizhappetit.fr\/index.php\/2025\/07\/27\/sables-figues-maison-facon-figolu\/\" \/>\n<meta property=\"og:locale\" content=\"fr_FR\" \/>\n<meta property=\"og:type\" content=\"article\" \/>\n<meta property=\"og:title\" content=\"Sabl\u00e9s aux figues maison fa\u00e7on Figolu \ud83c\udf6a - Breizh&#039; App\u00e9tit !\" \/>\n<meta property=\"og:description\" content=\"Red\u00e9couvrez le go\u00fbt de l&#039;enfance avec ces sabl\u00e9s aux figues maison fa\u00e7on Figolu : une p\u00e2te sabl\u00e9e fondante et un confit de figues.\" \/>\n<meta property=\"og:url\" content=\"https:\/\/breizhappetit.fr\/index.php\/2025\/07\/27\/sables-figues-maison-facon-figolu\/\" \/>\n<meta property=\"og:site_name\" content=\"Breizh&#039; App\u00e9tit !\" \/>\n<meta property=\"article:publisher\" content=\"https:\/\/www.facebook.com\/breizhappetit\/\" \/>\n<meta property=\"article:published_time\" content=\"2025-07-27T09:22:40+00:00\" \/>\n<meta property=\"og:image\" content=\"https:\/\/breizhappetit.fr\/wp-content\/uploads\/2025\/07\/1000007191-scaled.jpg\" \/>\n\t<meta property=\"og:image:width\" content=\"1629\" \/>\n\t<meta property=\"og:image:height\" content=\"2560\" \/>\n\t<meta property=\"og:image:type\" content=\"image\/jpeg\" \/>\n<meta name=\"author\" content=\"Breizh&#039;app\u00e9tit\" \/>\n<meta name=\"twitter:card\" content=\"summary_large_image\" \/>\n<meta name=\"twitter:label1\" content=\"\u00c9crit par\" \/>\n\t<meta name=\"twitter:data1\" content=\"Breizh&#039;app\u00e9tit\" \/>\n\t<meta name=\"twitter:label2\" content=\"Dur\u00e9e de lecture estim\u00e9e\" \/>\n\t<meta name=\"twitter:data2\" content=\"3 minutes\" \/>\n<script type=\"application\/ld+json\" class=\"yoast-schema-graph\">{\"@context\":\"https:\/\/schema.org\",\"@graph\":[{\"@type\":\"Article\",\"@id\":\"https:\/\/breizhappetit.fr\/index.php\/2025\/07\/27\/sables-figues-maison-facon-figolu\/#article\",\"isPartOf\":{\"@id\":\"https:\/\/breizhappetit.fr\/index.php\/2025\/07\/27\/sables-figues-maison-facon-figolu\/\"},\"author\":{\"name\":\"Breizh'app\u00e9tit\",\"@id\":\"https:\/\/breizhappetit.fr\/#\/schema\/person\/f7d178ae1bbf84355ed17358d887d546\"},\"headline\":\"Sabl\u00e9s aux figues maison fa\u00e7on Figolu \ud83c\udf6a\",\"datePublished\":\"2025-07-27T09:22:40+00:00\",\"mainEntityOfPage\":{\"@id\":\"https:\/\/breizhappetit.fr\/index.php\/2025\/07\/27\/sables-figues-maison-facon-figolu\/\"},\"wordCount\":587,\"commentCount\":0,\"publisher\":{\"@id\":\"https:\/\/breizhappetit.fr\/#organization\"},\"image\":{\"@id\":\"https:\/\/breizhappetit.fr\/index.php\/2025\/07\/27\/sables-figues-maison-facon-figolu\/#primaryimage\"},\"thumbnailUrl\":\"https:\/\/breizhappetit.fr\/wp-content\/uploads\/2025\/07\/1000007191-scaled.jpg\",\"keywords\":[\"amande am\u00e8re\",\"enfance\",\"figolu\",\"figues\",\"fruits\",\"go\u00fbter\",\"gouter enfant\",\"go\u00fbter individuel\",\"p\u00e2te sabl\u00e9e\",\"petits go\u00fbter\",\"rapide\",\"recette facile\",\"recette nostalgique\",\"recettes sucr\u00e9es\",\"sabl\u00e9s\",\"vanille\"],\"articleSection\":[\"Dessert\",\"Go\u00fbter\",\"Recette facile\",\"Recette rapide\",\"Recettes Sucr\u00e9es\"],\"inLanguage\":\"fr-FR\",\"potentialAction\":[{\"@type\":\"CommentAction\",\"name\":\"Comment\",\"target\":[\"https:\/\/breizhappetit.fr\/index.php\/2025\/07\/27\/sables-figues-maison-facon-figolu\/#respond\"]}]},{\"@type\":\"WebPage\",\"@id\":\"https:\/\/breizhappetit.fr\/index.php\/2025\/07\/27\/sables-figues-maison-facon-figolu\/\",\"url\":\"https:\/\/breizhappetit.fr\/index.php\/2025\/07\/27\/sables-figues-maison-facon-figolu\/\",\"name\":\"Sabl\u00e9s aux figues maison fa\u00e7on Figolu \ud83c\udf6a - Breizh&#039; App\u00e9tit !\",\"isPartOf\":{\"@id\":\"https:\/\/breizhappetit.fr\/#website\"},\"primaryImageOfPage\":{\"@id\":\"https:\/\/breizhappetit.fr\/index.php\/2025\/07\/27\/sables-figues-maison-facon-figolu\/#primaryimage\"},\"image\":{\"@id\":\"https:\/\/breizhappetit.fr\/index.php\/2025\/07\/27\/sables-figues-maison-facon-figolu\/#primaryimage\"},\"thumbnailUrl\":\"https:\/\/breizhappetit.fr\/wp-content\/uploads\/2025\/07\/1000007191-scaled.jpg\",\"datePublished\":\"2025-07-27T09:22:40+00:00\",\"description\":\"Red\u00e9couvrez le go\u00fbt de l'enfance avec ces sabl\u00e9s aux figues maison fa\u00e7on Figolu : une p\u00e2te sabl\u00e9e fondante et un confit de figues.\",\"breadcrumb\":{\"@id\":\"https:\/\/breizhappetit.fr\/index.php\/2025\/07\/27\/sables-figues-maison-facon-figolu\/#breadcrumb\"},\"inLanguage\":\"fr-FR\",\"potentialAction\":[{\"@type\":\"ReadAction\",\"target\":[\"https:\/\/breizhappetit.fr\/index.php\/2025\/07\/27\/sables-figues-maison-facon-figolu\/\"]}]},{\"@type\":\"ImageObject\",\"inLanguage\":\"fr-FR\",\"@id\":\"https:\/\/breizhappetit.fr\/index.php\/2025\/07\/27\/sables-figues-maison-facon-figolu\/#primaryimage\",\"url\":\"https:\/\/breizhappetit.fr\/wp-content\/uploads\/2025\/07\/1000007191-scaled.jpg\",\"contentUrl\":\"https:\/\/breizhappetit.fr\/wp-content\/uploads\/2025\/07\/1000007191-scaled.jpg\",\"width\":1629,\"height\":2560,\"caption\":\"Sabl\u00e9s aux figues fa\u00e7on figolu\"},{\"@type\":\"BreadcrumbList\",\"@id\":\"https:\/\/breizhappetit.fr\/index.php\/2025\/07\/27\/sables-figues-maison-facon-figolu\/#breadcrumb\",\"itemListElement\":[{\"@type\":\"ListItem\",\"position\":1,\"name\":\"Accueil\",\"item\":\"https:\/\/breizhappetit.fr\/\"},{\"@type\":\"ListItem\",\"position\":2,\"name\":\"Sabl\u00e9s aux figues maison fa\u00e7on Figolu \ud83c\udf6a\"}]},{\"@type\":\"WebSite\",\"@id\":\"https:\/\/breizhappetit.fr\/#website\",\"url\":\"https:\/\/breizhappetit.fr\/\",\"name\":\"Breizh' App\u00e9tit !\",\"description\":\"Le blog de cuisine d&#039;une mouette\",\"publisher\":{\"@id\":\"https:\/\/breizhappetit.fr\/#organization\"},\"potentialAction\":[{\"@type\":\"SearchAction\",\"target\":{\"@type\":\"EntryPoint\",\"urlTemplate\":\"https:\/\/breizhappetit.fr\/?s={search_term_string}\"},\"query-input\":{\"@type\":\"PropertyValueSpecification\",\"valueRequired\":true,\"valueName\":\"search_term_string\"}}],\"inLanguage\":\"fr-FR\"},{\"@type\":\"Organization\",\"@id\":\"https:\/\/breizhappetit.fr\/#organization\",\"name\":\"Breizh' App\u00e9tit !\",\"url\":\"https:\/\/breizhappetit.fr\/\",\"logo\":{\"@type\":\"ImageObject\",\"inLanguage\":\"fr-FR\",\"@id\":\"https:\/\/breizhappetit.fr\/#\/schema\/logo\/image\/\",\"url\":\"https:\/\/breizhappetit.fr\/wp-content\/uploads\/2025\/06\/cropped-logo-breizhappetit-3-1.png\",\"contentUrl\":\"https:\/\/breizhappetit.fr\/wp-content\/uploads\/2025\/06\/cropped-logo-breizhappetit-3-1.png\",\"width\":512,\"height\":512,\"caption\":\"Breizh' App\u00e9tit !\"},\"image\":{\"@id\":\"https:\/\/breizhappetit.fr\/#\/schema\/logo\/image\/\"},\"sameAs\":[\"https:\/\/www.facebook.com\/breizhappetit\/\",\"https:\/\/www.tiktok.com\/@breizhappetit\",\"https:\/\/fr.pinterest.com\/breizhapp\/\",\"https:\/\/www.instagram.com\/breizhappetit\/\",\"https:\/\/www.youtube.com\/channel\/UC32NEDcloqzOaUCbENG8-lw\"]},{\"@type\":\"Person\",\"@id\":\"https:\/\/breizhappetit.fr\/#\/schema\/person\/f7d178ae1bbf84355ed17358d887d546\",\"name\":\"Breizh'app\u00e9tit\",\"image\":{\"@type\":\"ImageObject\",\"inLanguage\":\"fr-FR\",\"@id\":\"https:\/\/breizhappetit.fr\/#\/schema\/person\/image\/\",\"url\":\"https:\/\/secure.gravatar.com\/avatar\/3519d81ba73dffe01ce81fb183b2a560d1fbbafc8eed02aa10e95c721ff5880b?s=96&#038;d=mm&#038;r=g\",\"contentUrl\":\"https:\/\/secure.gravatar.com\/avatar\/3519d81ba73dffe01ce81fb183b2a560d1fbbafc8eed02aa10e95c721ff5880b?s=96&#038;d=mm&#038;r=g\",\"caption\":\"Breizh'app\u00e9tit\"},\"sameAs\":[\"http:\/\/breizhappetit.fr\"],\"url\":\"https:\/\/breizhappetit.fr\/index.php\/author\/admin4532\/\"}]}<\/script>\n<!-- \/ Yoast SEO plugin. -->","yoast_head_json":{"title":"Sabl\u00e9s aux figues maison fa\u00e7on Figolu \ud83c\udf6a - Breizh&#039; App\u00e9tit !","description":"Red\u00e9couvrez le go\u00fbt de l'enfance avec ces sabl\u00e9s aux figues maison fa\u00e7on Figolu : une p\u00e2te sabl\u00e9e fondante et un confit de figues.","robots":{"index":"index","follow":"follow","max-snippet":"max-snippet:-1","max-image-preview":"max-image-preview:large","max-video-preview":"max-video-preview:-1"},"canonical":"https:\/\/breizhappetit.fr\/index.php\/2025\/07\/27\/sables-figues-maison-facon-figolu\/","og_locale":"fr_FR","og_type":"article","og_title":"Sabl\u00e9s aux figues maison fa\u00e7on Figolu \ud83c\udf6a - Breizh&#039; App\u00e9tit !","og_description":"Red\u00e9couvrez le go\u00fbt de l'enfance avec ces sabl\u00e9s aux figues maison fa\u00e7on Figolu : une p\u00e2te sabl\u00e9e fondante et un confit de figues.","og_url":"https:\/\/breizhappetit.fr\/index.php\/2025\/07\/27\/sables-figues-maison-facon-figolu\/","og_site_name":"Breizh&#039; App\u00e9tit !","article_publisher":"https:\/\/www.facebook.com\/breizhappetit\/","article_published_time":"2025-07-27T09:22:40+00:00","og_image":[{"width":1629,"height":2560,"url":"https:\/\/breizhappetit.fr\/wp-content\/uploads\/2025\/07\/1000007191-scaled.jpg","type":"image\/jpeg"}],"author":"Breizh'app\u00e9tit","twitter_card":"summary_large_image","twitter_misc":{"\u00c9crit par":"Breizh'app\u00e9tit","Dur\u00e9e de lecture estim\u00e9e":"3 minutes"},"schema":{"@context":"https:\/\/schema.org","@graph":[{"@type":"Article","@id":"https:\/\/breizhappetit.fr\/index.php\/2025\/07\/27\/sables-figues-maison-facon-figolu\/#article","isPartOf":{"@id":"https:\/\/breizhappetit.fr\/index.php\/2025\/07\/27\/sables-figues-maison-facon-figolu\/"},"author":{"name":"Breizh'app\u00e9tit","@id":"https:\/\/breizhappetit.fr\/#\/schema\/person\/f7d178ae1bbf84355ed17358d887d546"},"headline":"Sabl\u00e9s aux figues maison fa\u00e7on Figolu \ud83c\udf6a","datePublished":"2025-07-27T09:22:40+00:00","mainEntityOfPage":{"@id":"https:\/\/breizhappetit.fr\/index.php\/2025\/07\/27\/sables-figues-maison-facon-figolu\/"},"wordCount":587,"commentCount":0,"publisher":{"@id":"https:\/\/breizhappetit.fr\/#organization"},"image":{"@id":"https:\/\/breizhappetit.fr\/index.php\/2025\/07\/27\/sables-figues-maison-facon-figolu\/#primaryimage"},"thumbnailUrl":"https:\/\/breizhappetit.fr\/wp-content\/uploads\/2025\/07\/1000007191-scaled.jpg","keywords":["amande am\u00e8re","enfance","figolu","figues","fruits","go\u00fbter","gouter enfant","go\u00fbter individuel","p\u00e2te sabl\u00e9e","petits go\u00fbter","rapide","recette facile","recette nostalgique","recettes sucr\u00e9es","sabl\u00e9s","vanille"],"articleSection":["Dessert","Go\u00fbter","Recette facile","Recette rapide","Recettes Sucr\u00e9es"],"inLanguage":"fr-FR","potentialAction":[{"@type":"CommentAction","name":"Comment","target":["https:\/\/breizhappetit.fr\/index.php\/2025\/07\/27\/sables-figues-maison-facon-figolu\/#respond"]}]},{"@type":"WebPage","@id":"https:\/\/breizhappetit.fr\/index.php\/2025\/07\/27\/sables-figues-maison-facon-figolu\/","url":"https:\/\/breizhappetit.fr\/index.php\/2025\/07\/27\/sables-figues-maison-facon-figolu\/","name":"Sabl\u00e9s aux figues maison fa\u00e7on Figolu \ud83c\udf6a - Breizh&#039; App\u00e9tit !","isPartOf":{"@id":"https:\/\/breizhappetit.fr\/#website"},"primaryImageOfPage":{"@id":"https:\/\/breizhappetit.fr\/index.php\/2025\/07\/27\/sables-figues-maison-facon-figolu\/#primaryimage"},"image":{"@id":"https:\/\/breizhappetit.fr\/index.php\/2025\/07\/27\/sables-figues-maison-facon-figolu\/#primaryimage"},"thumbnailUrl":"https:\/\/breizhappetit.fr\/wp-content\/uploads\/2025\/07\/1000007191-scaled.jpg","datePublished":"2025-07-27T09:22:40+00:00","description":"Red\u00e9couvrez le go\u00fbt de l'enfance avec ces sabl\u00e9s aux figues maison fa\u00e7on Figolu : une p\u00e2te sabl\u00e9e fondante et un confit de figues.","breadcrumb":{"@id":"https:\/\/breizhappetit.fr\/index.php\/2025\/07\/27\/sables-figues-maison-facon-figolu\/#breadcrumb"},"inLanguage":"fr-FR","potentialAction":[{"@type":"ReadAction","target":["https:\/\/breizhappetit.fr\/index.php\/2025\/07\/27\/sables-figues-maison-facon-figolu\/"]}]},{"@type":"ImageObject","inLanguage":"fr-FR","@id":"https:\/\/breizhappetit.fr\/index.php\/2025\/07\/27\/sables-figues-maison-facon-figolu\/#primaryimage","url":"https:\/\/breizhappetit.fr\/wp-content\/uploads\/2025\/07\/1000007191-scaled.jpg","contentUrl":"https:\/\/breizhappetit.fr\/wp-content\/uploads\/2025\/07\/1000007191-scaled.jpg","width":1629,"height":2560,"caption":"Sabl\u00e9s aux figues fa\u00e7on figolu"},{"@type":"BreadcrumbList","@id":"https:\/\/breizhappetit.fr\/index.php\/2025\/07\/27\/sables-figues-maison-facon-figolu\/#breadcrumb","itemListElement":[{"@type":"ListItem","position":1,"name":"Accueil","item":"https:\/\/breizhappetit.fr\/"},{"@type":"ListItem","position":2,"name":"Sabl\u00e9s aux figues maison fa\u00e7on Figolu \ud83c\udf6a"}]},{"@type":"WebSite","@id":"https:\/\/breizhappetit.fr\/#website","url":"https:\/\/breizhappetit.fr\/","name":"Breizh' App\u00e9tit !","description":"Le blog de cuisine d&#039;une mouette","publisher":{"@id":"https:\/\/breizhappetit.fr\/#organization"},"potentialAction":[{"@type":"SearchAction","target":{"@type":"EntryPoint","urlTemplate":"https:\/\/breizhappetit.fr\/?s={search_term_string}"},"query-input":{"@type":"PropertyValueSpecification","valueRequired":true,"valueName":"search_term_string"}}],"inLanguage":"fr-FR"},{"@type":"Organization","@id":"https:\/\/breizhappetit.fr\/#organization","name":"Breizh' App\u00e9tit !","url":"https:\/\/breizhappetit.fr\/","logo":{"@type":"ImageObject","inLanguage":"fr-FR","@id":"https:\/\/breizhappetit.fr\/#\/schema\/logo\/image\/","url":"https:\/\/breizhappetit.fr\/wp-content\/uploads\/2025\/06\/cropped-logo-breizhappetit-3-1.png","contentUrl":"https:\/\/breizhappetit.fr\/wp-content\/uploads\/2025\/06\/cropped-logo-breizhappetit-3-1.png","width":512,"height":512,"caption":"Breizh' App\u00e9tit !"},"image":{"@id":"https:\/\/breizhappetit.fr\/#\/schema\/logo\/image\/"},"sameAs":["https:\/\/www.facebook.com\/breizhappetit\/","https:\/\/www.tiktok.com\/@breizhappetit","https:\/\/fr.pinterest.com\/breizhapp\/","https:\/\/www.instagram.com\/breizhappetit\/","https:\/\/www.youtube.com\/channel\/UC32NEDcloqzOaUCbENG8-lw"]},{"@type":"Person","@id":"https:\/\/breizhappetit.fr\/#\/schema\/person\/f7d178ae1bbf84355ed17358d887d546","name":"Breizh'app\u00e9tit","image":{"@type":"ImageObject","inLanguage":"fr-FR","@id":"https:\/\/breizhappetit.fr\/#\/schema\/person\/image\/","url":"https:\/\/secure.gravatar.com\/avatar\/3519d81ba73dffe01ce81fb183b2a560d1fbbafc8eed02aa10e95c721ff5880b?s=96&#038;d=mm&#038;r=g","contentUrl":"https:\/\/secure.gravatar.com\/avatar\/3519d81ba73dffe01ce81fb183b2a560d1fbbafc8eed02aa10e95c721ff5880b?s=96&#038;d=mm&#038;r=g","caption":"Breizh'app\u00e9tit"},"sameAs":["http:\/\/breizhappetit.fr"],"url":"https:\/\/breizhappetit.fr\/index.php\/author\/admin4532\/"}]}},"jetpack_featured_media_url":"https:\/\/breizhappetit.fr\/wp-content\/uploads\/2025\/07\/1000007191-scaled.jpg","jetpack_sharing_enabled":true,"_links":{"self":[{"href":"https:\/\/breizhappetit.fr\/index.php\/wp-json\/wp\/v2\/posts\/278","targetHints":{"allow":["GET"]}}],"collection":[{"href":"https:\/\/breizhappetit.fr\/index.php\/wp-json\/wp\/v2\/posts"}],"about":[{"href":"https:\/\/breizhappetit.fr\/index.php\/wp-json\/wp\/v2\/types\/post"}],"author":[{"embeddable":true,"href":"https:\/\/breizhappetit.fr\/index.php\/wp-json\/wp\/v2\/users\/1"}],"replies":[{"embeddable":true,"href":"https:\/\/breizhappetit.fr\/index.php\/wp-json\/wp\/v2\/comments?post=278"}],"version-history":[{"count":2,"href":"https:\/\/breizhappetit.fr\/index.php\/wp-json\/wp\/v2\/posts\/278\/revisions"}],"predecessor-version":[{"id":281,"href":"https:\/\/breizhappetit.fr\/index.php\/wp-json\/wp\/v2\/posts\/278\/revisions\/281"}],"wp:featuredmedia":[{"embeddable":true,"href":"https:\/\/breizhappetit.fr\/index.php\/wp-json\/wp\/v2\/media\/279"}],"wp:attachment":[{"href":"https:\/\/breizhappetit.fr\/index.php\/wp-json\/wp\/v2\/media?parent=278"}],"wp:term":[{"taxonomy":"category","embeddable":true,"href":"https:\/\/breizhappetit.fr\/index.php\/wp-json\/wp\/v2\/categories?post=278"},{"taxonomy":"post_tag","embeddable":true,"href":"https:\/\/breizhappetit.fr\/index.php\/wp-json\/wp\/v2\/tags?post=278"}],"curies":[{"name":"wp","href":"https:\/\/api.w.org\/{rel}","templated":true}]}}