{"id":58,"date":"2025-06-24T16:35:28","date_gmt":"2025-06-24T14:35:28","guid":{"rendered":"http:\/\/breizhappetit.fr\/?p=58"},"modified":"2025-07-09T13:51:41","modified_gmt":"2025-07-09T11:51:41","slug":"pate-sablee-the-noir-maison","status":"publish","type":"post","link":"https:\/\/breizhappetit.fr\/index.php\/2025\/06\/24\/pate-sablee-the-noir-maison\/","title":{"rendered":"\ud83c\udf75 P\u00e2te sabl\u00e9e au th\u00e9 noir : la base chic et secr\u00e8tement parfum\u00e9e"},"content":{"rendered":"\n<figure class=\"wp-block-embed is-type-video is-provider-tiktok wp-block-embed-tiktok\"><div class=\"wp-block-embed__wrapper\">\n<blockquote class=\"tiktok-embed\" cite=\"https:\/\/www.tiktok.com\/@breizhappetit\/video\/7253815247570521370\" data-video-id=\"7253815247570521370\" data-embed-from=\"oembed\" style=\"max-width:605px; min-width:325px;\"> <section> <a target=\"_blank\" title=\"@breizhappetit\" href=\"https:\/\/www.tiktok.com\/@breizhappetit?refer=embed\">@breizhappetit<\/a> <p>Pat&rsquo;recette, p\u00e2te sabl\u00e9e au th\u00e9 noir\ud83e\udd24\ud83d\ude0d Je vous donne ma recette mais \u00e7a reste entre nous \ud83e\udd2b  Pour une p\u00e2te \u00e0 tarte sabl\u00e9e, il vous faut: 250g de farine 125g de sucre 100g de beurre 1 \u0153uf 1 pinc\u00e9e de sel Facultatif un parfum ( ici une gousse de vanille et du th\u00e9 noir ( 1 sachet) -&gt; le go\u00fbt est tr\u00e8s l\u00e9ger) <a title=\"yummy\" target=\"_blank\" href=\"https:\/\/www.tiktok.com\/tag\/yummy?refer=embed\">#yummy<\/a> <a title=\"recetterapide\" target=\"_blank\" href=\"https:\/\/www.tiktok.com\/tag\/recetterapide?refer=embed\">#recetterapide<\/a> <a title=\"recettefacile\" target=\"_blank\" href=\"https:\/\/www.tiktok.com\/tag\/recettefacile?refer=embed\">#recettefacile<\/a> <a title=\"recette\" target=\"_blank\" href=\"https:\/\/www.tiktok.com\/tag\/recette?refer=embed\">#recette<\/a> <a title=\"th\u00e9\" target=\"_blank\" href=\"https:\/\/www.tiktok.com\/tag\/th%C3%A9?refer=embed\">#th\u00e9<\/a> <a title=\"vanille\" target=\"_blank\" href=\"https:\/\/www.tiktok.com\/tag\/vanille?refer=embed\">#vanille<\/a> <a title=\"patesabl\u00e9e\" target=\"_blank\" href=\"https:\/\/www.tiktok.com\/tag\/patesabl%C3%A9e?refer=embed\">#patesabl\u00e9e<\/a> <a title=\"gourmand\" target=\"_blank\" href=\"https:\/\/www.tiktok.com\/tag\/gourmand?refer=embed\">#gourmand<\/a> <a title=\"gourmandise\" target=\"_blank\" href=\"https:\/\/www.tiktok.com\/tag\/gourmandise?refer=embed\">#gourmandise<\/a> <a title=\"tiktokrecipe\" target=\"_blank\" href=\"https:\/\/www.tiktok.com\/tag\/tiktokrecipe?refer=embed\">#tiktokrecipe<\/a> <a title=\"patisserie\" target=\"_blank\" href=\"https:\/\/www.tiktok.com\/tag\/patisserie?refer=embed\">#patisserie<\/a> <a title=\"delicious\" target=\"_blank\" href=\"https:\/\/www.tiktok.com\/tag\/delicious?refer=embed\">#delicious<\/a> <a title=\"food\" target=\"_blank\" href=\"https:\/\/www.tiktok.com\/tag\/food?refer=embed\">#food<\/a> <\/p> <a target=\"_blank\" title=\"\u266c Summer - Instrumental - Devinney\" href=\"https:\/\/www.tiktok.com\/music\/Summer-Instrumental-6761273550687979521?refer=embed\">\u266c Summer &#8211; Instrumental &#8211; Devinney<\/a> <\/section> <\/blockquote> <script async src=\"https:\/\/www.tiktok.com\/embed.js\"><\/script>\n<\/div><\/figure>\n\n\n\n<h2 class=\"wp-block-heading\">\ud83e\udd2b Une recette de fond de tarte\u2026 pas comme les autres<\/h2>\n\n\n\n<p>Entre nous (et que \u00e7a reste entre nous), cette recette est un petit bijou.<br>Tu crois conna\u00eetre la p\u00e2te sabl\u00e9e ? Attends de la go\u00fbter avec <strong>une touche de th\u00e9 noir<\/strong> et de <strong>vanille<\/strong>\u2026 On passe de \u201chmmm c\u2019est bon\u201d \u00e0 \u201cattends, y\u2019a quoi dedans ?!\u201d.<br>C\u2019est subtil, \u00e9l\u00e9gant, presque myst\u00e9rieux. Bref, c\u2019est <strong>la p\u00e2te sabl\u00e9e qui a du style<\/strong>.<\/p>\n\n\n\n<hr class=\"wp-block-separator has-alpha-channel-opacity\"\/>\n\n\n\n<h2 class=\"wp-block-heading\">\ud83d\udcdd Ingr\u00e9dients pour une p\u00e2te sabl\u00e9e au th\u00e9 noir<\/h2>\n\n\n\n<ul class=\"wp-block-list\">\n<li>250 g de farine<\/li>\n\n\n\n<li>125 g de sucre<\/li>\n\n\n\n<li>100 g de beurre mou (le beurre froid c\u2019est pour les gens press\u00e9s, nous on est l\u00e0 pour savourer)<\/li>\n\n\n\n<li>1 \u0153uf<\/li>\n\n\n\n<li>1 pinc\u00e9e de sel<\/li>\n\n\n\n<li>1 gousse de<a href=\"https:\/\/www.koro.fr\/gousses-de-vanille-bourbon-35-g\"> vanille <\/a>gratt\u00e9e<\/li>\n\n\n\n<li>1 sachet de th\u00e9 noir (Earl Grey ou Ceylan, selon l\u2019ambiance que tu veux mettre)<\/li>\n<\/ul>\n\n\n\n<hr class=\"wp-block-separator has-alpha-channel-opacity\"\/>\n\n\n\n<h2 class=\"wp-block-heading\">\ud83d\udc69\u200d\ud83c\udf73 Pr\u00e9paration<\/h2>\n\n\n\n<ol class=\"wp-block-list\">\n<li><strong>Dans un grand saladier<\/strong>, m\u00e9lange la farine, le sucre et le sel.<\/li>\n\n\n\n<li>Ajoute le beurre en morceaux et commence \u00e0 sabler du bout des doigts. (Oui, c\u2019est le moment sensoriel du jour.)<\/li>\n\n\n\n<li>Une fois que t\u2019as une texture un peu sableuse, incorpore l\u2019\u0153uf, les grains de vanille et\u2026 le <strong>th\u00e9 noir<\/strong> que tu auras ouvert d\u00e9licatement (on ne met pas le sachet entier, met la quantit\u00e9 qui te convient).<\/li>\n\n\n\n<li>Forme une boule, filme-la, et laisse-la <strong>reposer au frais 30 minutes minimum<\/strong>.<\/li>\n\n\n\n<li>Ensuite, \u00e9tale-la, fonce ton moule, et cuis-la \u00e0 blanc ou garnie selon ton envie sucr\u00e9e du jour.<\/li>\n<\/ol>\n\n\n\n<hr class=\"wp-block-separator has-alpha-channel-opacity\"\/>\n\n\n\n<h2 class=\"wp-block-heading\">\ud83c\udf70 Pourquoi cette p\u00e2te est un game changer ?<\/h2>\n\n\n\n<ul class=\"wp-block-list\">\n<li>Elle a un <strong>petit go\u00fbt subtil<\/strong> qui change tout sans voler la vedette \u00e0 la garniture.<\/li>\n\n\n\n<li>Elle fonctionne avec des <strong>tartes aux fruits, chocolat, poires, ou compotes<\/strong>.<\/li>\n\n\n\n<li>Tu peux varier les th\u00e9s pour tester : vert jasmin, chai, bergamote\u2026 amuse-toi.<\/li>\n<\/ul>\n\n\n\n<hr class=\"wp-block-separator has-alpha-channel-opacity\"\/>\n\n\n\n<h2 class=\"wp-block-heading\">\ud83d\ude0e L\u2019astuce en +<\/h2>\n\n\n\n<p>Si tu veux un go\u00fbt un peu plus marqu\u00e9, infuse ton th\u00e9 dans un mini-splash de lait ti\u00e8de ou de beurre fondu avant de l\u2019int\u00e9grer.<br>Sinon, garde-le nature pour une version plus \u201csurprise\u201d.<\/p>\n\n\n\n<hr class=\"wp-block-separator has-alpha-channel-opacity\"\/>\n\n\n\n<h2 class=\"wp-block-heading\">\ud83d\udccc \u00c0 retenir<\/h2>\n\n\n\n<ul class=\"wp-block-list\">\n<li>Une p\u00e2te sabl\u00e9e au th\u00e9 noir, c\u2019est <strong>simple<\/strong>, <strong>\u00e9l\u00e9gant<\/strong> et <strong>parfum\u00e9 juste ce qu\u2019il faut<\/strong>.<\/li>\n\n\n\n<li>Tu l\u2019annonces en mode discret au moment du dessert et tu laisses tes invit\u00e9s faire \u00ab\u00a0hmmm&#8230; c\u2019est pas une p\u00e2te normale \u00e7a \ud83d\udc40 ?\u00a0\u00bb<\/li>\n<\/ul>\n\n\n\n<hr class=\"wp-block-separator has-alpha-channel-opacity\"\/>\n\n\n\n<p>Et surtout\u2026<\/p>\n\n\n\n<p><strong>Breizh\u2019app\u00e9tit !<\/strong> \ud83c\udf3f<\/p>\n\n\n\n<p>Tu aimeras aussi la recette de <a href=\"https:\/\/breizhappetit.fr\/index.php\/2025\/06\/24\/recette-tarte-myrtilles-crumble-amande\/\">tarte aux myrtilles fa\u00e7on crumble<\/a> <\/p>\n\n\n\n<figure class=\"wp-block-gallery has-nested-images columns-default is-cropped wp-block-gallery-1 is-layout-flex wp-block-gallery-is-layout-flex\">\n<figure class=\"wp-block-image size-large\"><img loading=\"lazy\" decoding=\"async\" width=\"766\" height=\"1024\" data-id=\"64\" src=\"https:\/\/breizhappetit.fr\/wp-content\/uploads\/2025\/06\/IMG_20220812_184011-1-766x1024.jpg\" alt=\"Tarte aux p\u00eaches blanche\" class=\"wp-image-64\" srcset=\"https:\/\/breizhappetit.fr\/wp-content\/uploads\/2025\/06\/IMG_20220812_184011-1-766x1024.jpg 766w, https:\/\/breizhappetit.fr\/wp-content\/uploads\/2025\/06\/IMG_20220812_184011-1-224x300.jpg 224w, https:\/\/breizhappetit.fr\/wp-content\/uploads\/2025\/06\/IMG_20220812_184011-1-768x1026.jpg 768w, https:\/\/breizhappetit.fr\/wp-content\/uploads\/2025\/06\/IMG_20220812_184011-1-1149x1536.jpg 1149w, https:\/\/breizhappetit.fr\/wp-content\/uploads\/2025\/06\/IMG_20220812_184011-1-1532x2048.jpg 1532w, https:\/\/breizhappetit.fr\/wp-content\/uploads\/2025\/06\/IMG_20220812_184011-1-scaled.jpg 1916w\" sizes=\"auto, (max-width: 766px) 100vw, 766px\" \/><\/figure>\n\n\n\n<figure class=\"wp-block-image size-large\"><img loading=\"lazy\" decoding=\"async\" width=\"766\" height=\"1024\" data-id=\"63\" src=\"https:\/\/breizhappetit.fr\/wp-content\/uploads\/2025\/06\/IMG_20220812_174737-1-766x1024.jpg\" alt=\"p\u00e2te sabl\u00e9e au th\u00e9 noir cuite\" class=\"wp-image-63\" srcset=\"https:\/\/breizhappetit.fr\/wp-content\/uploads\/2025\/06\/IMG_20220812_174737-1-766x1024.jpg 766w, https:\/\/breizhappetit.fr\/wp-content\/uploads\/2025\/06\/IMG_20220812_174737-1-224x300.jpg 224w, https:\/\/breizhappetit.fr\/wp-content\/uploads\/2025\/06\/IMG_20220812_174737-1-768x1026.jpg 768w, https:\/\/breizhappetit.fr\/wp-content\/uploads\/2025\/06\/IMG_20220812_174737-1-1149x1536.jpg 1149w, https:\/\/breizhappetit.fr\/wp-content\/uploads\/2025\/06\/IMG_20220812_174737-1-1532x2048.jpg 1532w, https:\/\/breizhappetit.fr\/wp-content\/uploads\/2025\/06\/IMG_20220812_174737-1-scaled.jpg 1916w\" sizes=\"auto, (max-width: 766px) 100vw, 766px\" \/><\/figure>\n\n\n\n<figure class=\"wp-block-image size-large\"><img loading=\"lazy\" decoding=\"async\" width=\"766\" height=\"1024\" data-id=\"62\" src=\"https:\/\/breizhappetit.fr\/wp-content\/uploads\/2025\/06\/IMG_20220812_170957-1-766x1024.jpg\" alt=\"p\u00e2te sabl\u00e9e au th\u00e9 noir \" class=\"wp-image-62\" srcset=\"https:\/\/breizhappetit.fr\/wp-content\/uploads\/2025\/06\/IMG_20220812_170957-1-766x1024.jpg 766w, https:\/\/breizhappetit.fr\/wp-content\/uploads\/2025\/06\/IMG_20220812_170957-1-224x300.jpg 224w, https:\/\/breizhappetit.fr\/wp-content\/uploads\/2025\/06\/IMG_20220812_170957-1-768x1026.jpg 768w, https:\/\/breizhappetit.fr\/wp-content\/uploads\/2025\/06\/IMG_20220812_170957-1-1149x1536.jpg 1149w, https:\/\/breizhappetit.fr\/wp-content\/uploads\/2025\/06\/IMG_20220812_170957-1-1532x2048.jpg 1532w, https:\/\/breizhappetit.fr\/wp-content\/uploads\/2025\/06\/IMG_20220812_170957-1-scaled.jpg 1916w\" sizes=\"auto, (max-width: 766px) 100vw, 766px\" \/><\/figure>\n<\/figure>\n\n\n\n<div class=\"wp-block-columns is-layout-flex wp-container-core-columns-is-layout-28f84493 wp-block-columns-is-layout-flex\">\n<div class=\"wp-block-column is-layout-flow wp-block-column-is-layout-flow\"><\/div>\n\n\n\n<div class=\"wp-block-column is-layout-flow wp-block-column-is-layout-flow\"><\/div>\n<\/div>\n","protected":false},"excerpt":{"rendered":"<p>D\u00e9couvrez la recette de p\u00e2te sabl\u00e9e parfum\u00e9e au th\u00e9 noir  : une base subtile, \u00e9l\u00e9gante et parfaite pour toutes vos tartes sucr\u00e9es.<\/p>\n","protected":false},"author":1,"featured_media":59,"comment_status":"open","ping_status":"open","sticky":false,"template":"","format":"standard","meta":{"_jetpack_memberships_contains_paid_content":false,"footnotes":""},"categories":[39,10,99,100,5,6],"tags":[40,23,41,21,12,44,42,43],"class_list":["post-58","post","type-post","status-publish","format-standard","has-post-thumbnail","hentry","category-basique","category-dessert","category-recette-facile","category-recette-rapide","category-recettes-sucrees","category-tarte","tag-basique","tag-pate-sablee","tag-pate-sablee-the-noir","tag-recettes-sucrees","tag-tarte","tag-tarte-the-noir","tag-the","tag-the-noir"],"yoast_head":"<!-- This site is optimized with the Yoast SEO plugin v25.6 - https:\/\/yoast.com\/wordpress\/plugins\/seo\/ -->\n<title>\ud83c\udf75 P\u00e2te sabl\u00e9e au th\u00e9 noir : la base chic et secr\u00e8tement parfum\u00e9e - Breizh&#039; App\u00e9tit !<\/title>\n<meta name=\"description\" content=\"D\u00e9couvrez la recette de p\u00e2te sabl\u00e9e parfum\u00e9e au th\u00e9 noir : une base subtile, \u00e9l\u00e9gante et parfaite pour toutes vos tartes sucr\u00e9es.\" \/>\n<meta name=\"robots\" content=\"index, follow, max-snippet:-1, max-image-preview:large, max-video-preview:-1\" \/>\n<link rel=\"canonical\" href=\"https:\/\/breizhappetit.fr\/index.php\/2025\/06\/24\/pate-sablee-the-noir-maison\/\" \/>\n<meta property=\"og:locale\" content=\"fr_FR\" \/>\n<meta property=\"og:type\" content=\"article\" \/>\n<meta property=\"og:title\" content=\"P\u00e2te sabl\u00e9e au th\u00e9 noir\" \/>\n<meta property=\"og:description\" content=\"D\u00e9couvrez la recette de p\u00e2te sabl\u00e9e parfum\u00e9e au th\u00e9 noir : une base subtile, \u00e9l\u00e9gante et parfaite pour toutes vos tartes sucr\u00e9es.\" \/>\n<meta property=\"og:url\" content=\"https:\/\/breizhappetit.fr\/index.php\/2025\/06\/24\/pate-sablee-the-noir-maison\/\" \/>\n<meta property=\"og:site_name\" content=\"Breizh&#039; App\u00e9tit !\" \/>\n<meta property=\"article:publisher\" content=\"https:\/\/www.facebook.com\/breizhappetit\/\" \/>\n<meta property=\"article:published_time\" content=\"2025-06-24T14:35:28+00:00\" \/>\n<meta property=\"article:modified_time\" content=\"2025-07-09T11:51:41+00:00\" \/>\n<meta property=\"og:image\" content=\"https:\/\/breizhappetit.fr\/wp-content\/uploads\/2025\/06\/IMG_20220812_170957-1-scaled.jpg\" \/>\n\t<meta property=\"og:image:width\" content=\"1916\" \/>\n\t<meta property=\"og:image:height\" content=\"2560\" \/>\n\t<meta property=\"og:image:type\" content=\"image\/jpeg\" \/>\n<meta name=\"author\" content=\"Breizh&#039;app\u00e9tit\" \/>\n<meta name=\"twitter:card\" content=\"summary_large_image\" \/>\n<meta name=\"twitter:label1\" content=\"\u00c9crit par\" \/>\n\t<meta name=\"twitter:data1\" content=\"Breizh&#039;app\u00e9tit\" \/>\n\t<meta name=\"twitter:label2\" content=\"Dur\u00e9e de lecture estim\u00e9e\" \/>\n\t<meta name=\"twitter:data2\" content=\"3 minutes\" \/>\n<script type=\"application\/ld+json\" class=\"yoast-schema-graph\">{\"@context\":\"https:\/\/schema.org\",\"@graph\":[{\"@type\":\"Article\",\"@id\":\"https:\/\/breizhappetit.fr\/index.php\/2025\/06\/24\/pate-sablee-the-noir-maison\/#article\",\"isPartOf\":{\"@id\":\"https:\/\/breizhappetit.fr\/index.php\/2025\/06\/24\/pate-sablee-the-noir-maison\/\"},\"author\":{\"name\":\"Breizh'app\u00e9tit\",\"@id\":\"https:\/\/breizhappetit.fr\/#\/schema\/person\/f7d178ae1bbf84355ed17358d887d546\"},\"headline\":\"\ud83c\udf75 P\u00e2te sabl\u00e9e au th\u00e9 noir : la base chic et secr\u00e8tement parfum\u00e9e\",\"datePublished\":\"2025-06-24T14:35:28+00:00\",\"dateModified\":\"2025-07-09T11:51:41+00:00\",\"mainEntityOfPage\":{\"@id\":\"https:\/\/breizhappetit.fr\/index.php\/2025\/06\/24\/pate-sablee-the-noir-maison\/\"},\"wordCount\":417,\"commentCount\":0,\"publisher\":{\"@id\":\"https:\/\/breizhappetit.fr\/#organization\"},\"image\":{\"@id\":\"https:\/\/breizhappetit.fr\/index.php\/2025\/06\/24\/pate-sablee-the-noir-maison\/#primaryimage\"},\"thumbnailUrl\":\"https:\/\/breizhappetit.fr\/wp-content\/uploads\/2025\/06\/IMG_20220812_170957-scaled.jpg\",\"keywords\":[\"Basique\",\"p\u00e2te sabl\u00e9e\",\"P\u00e2te sabl\u00e9e th\u00e9 noir\",\"recettes sucr\u00e9es\",\"Tarte\",\"Tarte th\u00e9 noir\",\"Th\u00e9\",\"Th\u00e9 noir\"],\"articleSection\":[\"Basique\",\"Dessert\",\"Recette facile\",\"Recette rapide\",\"Recettes Sucr\u00e9es\",\"Tarte\"],\"inLanguage\":\"fr-FR\",\"potentialAction\":[{\"@type\":\"CommentAction\",\"name\":\"Comment\",\"target\":[\"https:\/\/breizhappetit.fr\/index.php\/2025\/06\/24\/pate-sablee-the-noir-maison\/#respond\"]}]},{\"@type\":\"WebPage\",\"@id\":\"https:\/\/breizhappetit.fr\/index.php\/2025\/06\/24\/pate-sablee-the-noir-maison\/\",\"url\":\"https:\/\/breizhappetit.fr\/index.php\/2025\/06\/24\/pate-sablee-the-noir-maison\/\",\"name\":\"\ud83c\udf75 P\u00e2te sabl\u00e9e au th\u00e9 noir : la base chic et secr\u00e8tement parfum\u00e9e - Breizh&#039; App\u00e9tit !\",\"isPartOf\":{\"@id\":\"https:\/\/breizhappetit.fr\/#website\"},\"primaryImageOfPage\":{\"@id\":\"https:\/\/breizhappetit.fr\/index.php\/2025\/06\/24\/pate-sablee-the-noir-maison\/#primaryimage\"},\"image\":{\"@id\":\"https:\/\/breizhappetit.fr\/index.php\/2025\/06\/24\/pate-sablee-the-noir-maison\/#primaryimage\"},\"thumbnailUrl\":\"https:\/\/breizhappetit.fr\/wp-content\/uploads\/2025\/06\/IMG_20220812_170957-scaled.jpg\",\"datePublished\":\"2025-06-24T14:35:28+00:00\",\"dateModified\":\"2025-07-09T11:51:41+00:00\",\"description\":\"D\u00e9couvrez la recette de p\u00e2te sabl\u00e9e parfum\u00e9e au th\u00e9 noir : une base subtile, \u00e9l\u00e9gante et parfaite pour toutes vos tartes sucr\u00e9es.\",\"breadcrumb\":{\"@id\":\"https:\/\/breizhappetit.fr\/index.php\/2025\/06\/24\/pate-sablee-the-noir-maison\/#breadcrumb\"},\"inLanguage\":\"fr-FR\",\"potentialAction\":[{\"@type\":\"ReadAction\",\"target\":[\"https:\/\/breizhappetit.fr\/index.php\/2025\/06\/24\/pate-sablee-the-noir-maison\/\"]}]},{\"@type\":\"ImageObject\",\"inLanguage\":\"fr-FR\",\"@id\":\"https:\/\/breizhappetit.fr\/index.php\/2025\/06\/24\/pate-sablee-the-noir-maison\/#primaryimage\",\"url\":\"https:\/\/breizhappetit.fr\/wp-content\/uploads\/2025\/06\/IMG_20220812_170957-scaled.jpg\",\"contentUrl\":\"https:\/\/breizhappetit.fr\/wp-content\/uploads\/2025\/06\/IMG_20220812_170957-scaled.jpg\",\"width\":1916,\"height\":2560,\"caption\":\"p\u00e2te sabl\u00e9e au th\u00e9 noir\"},{\"@type\":\"BreadcrumbList\",\"@id\":\"https:\/\/breizhappetit.fr\/index.php\/2025\/06\/24\/pate-sablee-the-noir-maison\/#breadcrumb\",\"itemListElement\":[{\"@type\":\"ListItem\",\"position\":1,\"name\":\"Accueil\",\"item\":\"https:\/\/breizhappetit.fr\/\"},{\"@type\":\"ListItem\",\"position\":2,\"name\":\"\ud83c\udf75 P\u00e2te sabl\u00e9e au th\u00e9 noir : la base chic et secr\u00e8tement parfum\u00e9e\"}]},{\"@type\":\"WebSite\",\"@id\":\"https:\/\/breizhappetit.fr\/#website\",\"url\":\"https:\/\/breizhappetit.fr\/\",\"name\":\"Breizh' App\u00e9tit !\",\"description\":\"Le blog de cuisine d&#039;une mouette\",\"publisher\":{\"@id\":\"https:\/\/breizhappetit.fr\/#organization\"},\"potentialAction\":[{\"@type\":\"SearchAction\",\"target\":{\"@type\":\"EntryPoint\",\"urlTemplate\":\"https:\/\/breizhappetit.fr\/?s={search_term_string}\"},\"query-input\":{\"@type\":\"PropertyValueSpecification\",\"valueRequired\":true,\"valueName\":\"search_term_string\"}}],\"inLanguage\":\"fr-FR\"},{\"@type\":\"Organization\",\"@id\":\"https:\/\/breizhappetit.fr\/#organization\",\"name\":\"Breizh' App\u00e9tit !\",\"url\":\"https:\/\/breizhappetit.fr\/\",\"logo\":{\"@type\":\"ImageObject\",\"inLanguage\":\"fr-FR\",\"@id\":\"https:\/\/breizhappetit.fr\/#\/schema\/logo\/image\/\",\"url\":\"https:\/\/breizhappetit.fr\/wp-content\/uploads\/2025\/06\/cropped-logo-breizhappetit-3-1.png\",\"contentUrl\":\"https:\/\/breizhappetit.fr\/wp-content\/uploads\/2025\/06\/cropped-logo-breizhappetit-3-1.png\",\"width\":512,\"height\":512,\"caption\":\"Breizh' App\u00e9tit !\"},\"image\":{\"@id\":\"https:\/\/breizhappetit.fr\/#\/schema\/logo\/image\/\"},\"sameAs\":[\"https:\/\/www.facebook.com\/breizhappetit\/\",\"https:\/\/www.tiktok.com\/@breizhappetit\",\"https:\/\/fr.pinterest.com\/breizhapp\/\",\"https:\/\/www.instagram.com\/breizhappetit\/\",\"https:\/\/www.youtube.com\/channel\/UC32NEDcloqzOaUCbENG8-lw\"]},{\"@type\":\"Person\",\"@id\":\"https:\/\/breizhappetit.fr\/#\/schema\/person\/f7d178ae1bbf84355ed17358d887d546\",\"name\":\"Breizh'app\u00e9tit\",\"image\":{\"@type\":\"ImageObject\",\"inLanguage\":\"fr-FR\",\"@id\":\"https:\/\/breizhappetit.fr\/#\/schema\/person\/image\/\",\"url\":\"https:\/\/secure.gravatar.com\/avatar\/3519d81ba73dffe01ce81fb183b2a560d1fbbafc8eed02aa10e95c721ff5880b?s=96&#038;d=mm&#038;r=g\",\"contentUrl\":\"https:\/\/secure.gravatar.com\/avatar\/3519d81ba73dffe01ce81fb183b2a560d1fbbafc8eed02aa10e95c721ff5880b?s=96&#038;d=mm&#038;r=g\",\"caption\":\"Breizh'app\u00e9tit\"},\"sameAs\":[\"http:\/\/breizhappetit.fr\"],\"url\":\"https:\/\/breizhappetit.fr\/index.php\/author\/admin4532\/\"}]}<\/script>\n<!-- \/ Yoast SEO plugin. -->","yoast_head_json":{"title":"\ud83c\udf75 P\u00e2te sabl\u00e9e au th\u00e9 noir : la base chic et secr\u00e8tement parfum\u00e9e - Breizh&#039; App\u00e9tit !","description":"D\u00e9couvrez la recette de p\u00e2te sabl\u00e9e parfum\u00e9e au th\u00e9 noir : une base subtile, \u00e9l\u00e9gante et parfaite pour toutes vos tartes sucr\u00e9es.","robots":{"index":"index","follow":"follow","max-snippet":"max-snippet:-1","max-image-preview":"max-image-preview:large","max-video-preview":"max-video-preview:-1"},"canonical":"https:\/\/breizhappetit.fr\/index.php\/2025\/06\/24\/pate-sablee-the-noir-maison\/","og_locale":"fr_FR","og_type":"article","og_title":"P\u00e2te sabl\u00e9e au th\u00e9 noir","og_description":"D\u00e9couvrez la recette de p\u00e2te sabl\u00e9e parfum\u00e9e au th\u00e9 noir : une base subtile, \u00e9l\u00e9gante et parfaite pour toutes vos tartes sucr\u00e9es.","og_url":"https:\/\/breizhappetit.fr\/index.php\/2025\/06\/24\/pate-sablee-the-noir-maison\/","og_site_name":"Breizh&#039; App\u00e9tit !","article_publisher":"https:\/\/www.facebook.com\/breizhappetit\/","article_published_time":"2025-06-24T14:35:28+00:00","article_modified_time":"2025-07-09T11:51:41+00:00","og_image":[{"width":1916,"height":2560,"url":"https:\/\/breizhappetit.fr\/wp-content\/uploads\/2025\/06\/IMG_20220812_170957-1-scaled.jpg","type":"image\/jpeg"}],"author":"Breizh'app\u00e9tit","twitter_card":"summary_large_image","twitter_misc":{"\u00c9crit par":"Breizh'app\u00e9tit","Dur\u00e9e de lecture estim\u00e9e":"3 minutes"},"schema":{"@context":"https:\/\/schema.org","@graph":[{"@type":"Article","@id":"https:\/\/breizhappetit.fr\/index.php\/2025\/06\/24\/pate-sablee-the-noir-maison\/#article","isPartOf":{"@id":"https:\/\/breizhappetit.fr\/index.php\/2025\/06\/24\/pate-sablee-the-noir-maison\/"},"author":{"name":"Breizh'app\u00e9tit","@id":"https:\/\/breizhappetit.fr\/#\/schema\/person\/f7d178ae1bbf84355ed17358d887d546"},"headline":"\ud83c\udf75 P\u00e2te sabl\u00e9e au th\u00e9 noir : la base chic et secr\u00e8tement parfum\u00e9e","datePublished":"2025-06-24T14:35:28+00:00","dateModified":"2025-07-09T11:51:41+00:00","mainEntityOfPage":{"@id":"https:\/\/breizhappetit.fr\/index.php\/2025\/06\/24\/pate-sablee-the-noir-maison\/"},"wordCount":417,"commentCount":0,"publisher":{"@id":"https:\/\/breizhappetit.fr\/#organization"},"image":{"@id":"https:\/\/breizhappetit.fr\/index.php\/2025\/06\/24\/pate-sablee-the-noir-maison\/#primaryimage"},"thumbnailUrl":"https:\/\/breizhappetit.fr\/wp-content\/uploads\/2025\/06\/IMG_20220812_170957-scaled.jpg","keywords":["Basique","p\u00e2te sabl\u00e9e","P\u00e2te sabl\u00e9e th\u00e9 noir","recettes sucr\u00e9es","Tarte","Tarte th\u00e9 noir","Th\u00e9","Th\u00e9 noir"],"articleSection":["Basique","Dessert","Recette facile","Recette rapide","Recettes Sucr\u00e9es","Tarte"],"inLanguage":"fr-FR","potentialAction":[{"@type":"CommentAction","name":"Comment","target":["https:\/\/breizhappetit.fr\/index.php\/2025\/06\/24\/pate-sablee-the-noir-maison\/#respond"]}]},{"@type":"WebPage","@id":"https:\/\/breizhappetit.fr\/index.php\/2025\/06\/24\/pate-sablee-the-noir-maison\/","url":"https:\/\/breizhappetit.fr\/index.php\/2025\/06\/24\/pate-sablee-the-noir-maison\/","name":"\ud83c\udf75 P\u00e2te sabl\u00e9e au th\u00e9 noir : la base chic et secr\u00e8tement parfum\u00e9e - Breizh&#039; App\u00e9tit !","isPartOf":{"@id":"https:\/\/breizhappetit.fr\/#website"},"primaryImageOfPage":{"@id":"https:\/\/breizhappetit.fr\/index.php\/2025\/06\/24\/pate-sablee-the-noir-maison\/#primaryimage"},"image":{"@id":"https:\/\/breizhappetit.fr\/index.php\/2025\/06\/24\/pate-sablee-the-noir-maison\/#primaryimage"},"thumbnailUrl":"https:\/\/breizhappetit.fr\/wp-content\/uploads\/2025\/06\/IMG_20220812_170957-scaled.jpg","datePublished":"2025-06-24T14:35:28+00:00","dateModified":"2025-07-09T11:51:41+00:00","description":"D\u00e9couvrez la recette de p\u00e2te sabl\u00e9e parfum\u00e9e au th\u00e9 noir : une base subtile, \u00e9l\u00e9gante et parfaite pour toutes vos tartes sucr\u00e9es.","breadcrumb":{"@id":"https:\/\/breizhappetit.fr\/index.php\/2025\/06\/24\/pate-sablee-the-noir-maison\/#breadcrumb"},"inLanguage":"fr-FR","potentialAction":[{"@type":"ReadAction","target":["https:\/\/breizhappetit.fr\/index.php\/2025\/06\/24\/pate-sablee-the-noir-maison\/"]}]},{"@type":"ImageObject","inLanguage":"fr-FR","@id":"https:\/\/breizhappetit.fr\/index.php\/2025\/06\/24\/pate-sablee-the-noir-maison\/#primaryimage","url":"https:\/\/breizhappetit.fr\/wp-content\/uploads\/2025\/06\/IMG_20220812_170957-scaled.jpg","contentUrl":"https:\/\/breizhappetit.fr\/wp-content\/uploads\/2025\/06\/IMG_20220812_170957-scaled.jpg","width":1916,"height":2560,"caption":"p\u00e2te sabl\u00e9e au th\u00e9 noir"},{"@type":"BreadcrumbList","@id":"https:\/\/breizhappetit.fr\/index.php\/2025\/06\/24\/pate-sablee-the-noir-maison\/#breadcrumb","itemListElement":[{"@type":"ListItem","position":1,"name":"Accueil","item":"https:\/\/breizhappetit.fr\/"},{"@type":"ListItem","position":2,"name":"\ud83c\udf75 P\u00e2te sabl\u00e9e au th\u00e9 noir : la base chic et secr\u00e8tement parfum\u00e9e"}]},{"@type":"WebSite","@id":"https:\/\/breizhappetit.fr\/#website","url":"https:\/\/breizhappetit.fr\/","name":"Breizh' App\u00e9tit !","description":"Le blog de cuisine d&#039;une mouette","publisher":{"@id":"https:\/\/breizhappetit.fr\/#organization"},"potentialAction":[{"@type":"SearchAction","target":{"@type":"EntryPoint","urlTemplate":"https:\/\/breizhappetit.fr\/?s={search_term_string}"},"query-input":{"@type":"PropertyValueSpecification","valueRequired":true,"valueName":"search_term_string"}}],"inLanguage":"fr-FR"},{"@type":"Organization","@id":"https:\/\/breizhappetit.fr\/#organization","name":"Breizh' App\u00e9tit !","url":"https:\/\/breizhappetit.fr\/","logo":{"@type":"ImageObject","inLanguage":"fr-FR","@id":"https:\/\/breizhappetit.fr\/#\/schema\/logo\/image\/","url":"https:\/\/breizhappetit.fr\/wp-content\/uploads\/2025\/06\/cropped-logo-breizhappetit-3-1.png","contentUrl":"https:\/\/breizhappetit.fr\/wp-content\/uploads\/2025\/06\/cropped-logo-breizhappetit-3-1.png","width":512,"height":512,"caption":"Breizh' App\u00e9tit !"},"image":{"@id":"https:\/\/breizhappetit.fr\/#\/schema\/logo\/image\/"},"sameAs":["https:\/\/www.facebook.com\/breizhappetit\/","https:\/\/www.tiktok.com\/@breizhappetit","https:\/\/fr.pinterest.com\/breizhapp\/","https:\/\/www.instagram.com\/breizhappetit\/","https:\/\/www.youtube.com\/channel\/UC32NEDcloqzOaUCbENG8-lw"]},{"@type":"Person","@id":"https:\/\/breizhappetit.fr\/#\/schema\/person\/f7d178ae1bbf84355ed17358d887d546","name":"Breizh'app\u00e9tit","image":{"@type":"ImageObject","inLanguage":"fr-FR","@id":"https:\/\/breizhappetit.fr\/#\/schema\/person\/image\/","url":"https:\/\/secure.gravatar.com\/avatar\/3519d81ba73dffe01ce81fb183b2a560d1fbbafc8eed02aa10e95c721ff5880b?s=96&#038;d=mm&#038;r=g","contentUrl":"https:\/\/secure.gravatar.com\/avatar\/3519d81ba73dffe01ce81fb183b2a560d1fbbafc8eed02aa10e95c721ff5880b?s=96&#038;d=mm&#038;r=g","caption":"Breizh'app\u00e9tit"},"sameAs":["http:\/\/breizhappetit.fr"],"url":"https:\/\/breizhappetit.fr\/index.php\/author\/admin4532\/"}]}},"jetpack_featured_media_url":"https:\/\/breizhappetit.fr\/wp-content\/uploads\/2025\/06\/IMG_20220812_170957-scaled.jpg","jetpack_sharing_enabled":true,"_links":{"self":[{"href":"https:\/\/breizhappetit.fr\/index.php\/wp-json\/wp\/v2\/posts\/58","targetHints":{"allow":["GET"]}}],"collection":[{"href":"https:\/\/breizhappetit.fr\/index.php\/wp-json\/wp\/v2\/posts"}],"about":[{"href":"https:\/\/breizhappetit.fr\/index.php\/wp-json\/wp\/v2\/types\/post"}],"author":[{"embeddable":true,"href":"https:\/\/breizhappetit.fr\/index.php\/wp-json\/wp\/v2\/users\/1"}],"replies":[{"embeddable":true,"href":"https:\/\/breizhappetit.fr\/index.php\/wp-json\/wp\/v2\/comments?post=58"}],"version-history":[{"count":4,"href":"https:\/\/breizhappetit.fr\/index.php\/wp-json\/wp\/v2\/posts\/58\/revisions"}],"predecessor-version":[{"id":219,"href":"https:\/\/breizhappetit.fr\/index.php\/wp-json\/wp\/v2\/posts\/58\/revisions\/219"}],"wp:featuredmedia":[{"embeddable":true,"href":"https:\/\/breizhappetit.fr\/index.php\/wp-json\/wp\/v2\/media\/59"}],"wp:attachment":[{"href":"https:\/\/breizhappetit.fr\/index.php\/wp-json\/wp\/v2\/media?parent=58"}],"wp:term":[{"taxonomy":"category","embeddable":true,"href":"https:\/\/breizhappetit.fr\/index.php\/wp-json\/wp\/v2\/categories?post=58"},{"taxonomy":"post_tag","embeddable":true,"href":"https:\/\/breizhappetit.fr\/index.php\/wp-json\/wp\/v2\/tags?post=58"}],"curies":[{"name":"wp","href":"https:\/\/api.w.org\/{rel}","templated":true}]}}